{"id":6748,"date":"2026-04-27T09:35:07","date_gmt":"2026-04-27T09:35:07","guid":{"rendered":"https:\/\/bazeni-varazdin.hr\/wp\/?p=6748"},"modified":"2026-04-27T09:35:09","modified_gmt":"2026-04-27T09:35:09","slug":"os-sracinec-program-obuke-neplivaca-os-varazdinske-zupanije-04-07-05-2026","status":"publish","type":"post","link":"https:\/\/bazeni-varazdin.hr\/wp\/os-sracinec-program-obuke-neplivaca-os-varazdinske-zupanije-04-07-05-2026\/","title":{"rendered":"O\u0160 Sra\u010dinec: program obuke nepliva\u010da O\u0160 Vara\u017edinske \u017eupanije 04.\u2013 07.05.2026."},"content":{"rendered":"\n<p>Po\u0161tovani,<\/p>\n\n\n\n<p>od ponedjeljka 04. do \u010detvrtka 07. svibnja na na\u0161im Bazenima odr\u017eat \u0107e se program obuke nepliva\u010da osnovnih \u0161kola Vara\u017edinske \u017eupanije.<\/p>\n\n\n\n<p>Obuci \u0107e prisustvati u\u010denici osnovne \u0161kole Sra\u010dinec.<\/p>\n\n\n\n<p>Termin treninga \u0107e biti svaki dan od 12:00 do 15:30 sati u djelu malog i velikog sportskog bazena.<\/p>\n\n\n\n<p>Molimo korisnike za razumijevanje<\/p>\n\n\n\n<p><\/p>\n","protected":false},"excerpt":{"rendered":"<p>Po\u0161tovani, od ponedjeljka 04. do \u010detvrtka 07. svibnja na na\u0161im Bazenima odr\u017eat \u0107e se program obuke nepliva\u010da osnovnih \u0161kola Vara\u017edinske \u017eupanije. Obuci \u0107e prisustvati u\u010denici osnovne \u0161kole Sra\u010dinec. Termin treninga \u0107e biti svaki dan od 12:00 do 15:30 sati u djelu malog i velikog sportskog bazena. Molimo korisnike za razumijevanje<\/p>\n","protected":false},"author":1,"featured_media":6750,"comment_status":"closed","ping_status":"closed","sticky":false,"template":"","format":"standard","meta":{"footnotes":""},"categories":[154,8,156],"tags":[],"class_list":["post-6748","post","type-post","status-publish","format-standard","has-post-thumbnail","hentry","category-naslovna","category-news","category-obuka-neplivaca-2"],"_links":{"self":[{"href":"https:\/\/bazeni-varazdin.hr\/wp\/wp-json\/wp\/v2\/posts\/6748","targetHints":{"allow":["GET"]}}],"collection":[{"href":"https:\/\/bazeni-varazdin.hr\/wp\/wp-json\/wp\/v2\/posts"}],"about":[{"href":"https:\/\/bazeni-varazdin.hr\/wp\/wp-json\/wp\/v2\/types\/post"}],"author":[{"embeddable":true,"href":"https:\/\/bazeni-varazdin.hr\/wp\/wp-json\/wp\/v2\/users\/1"}],"replies":[{"embeddable":true,"href":"https:\/\/bazeni-varazdin.hr\/wp\/wp-json\/wp\/v2\/comments?post=6748"}],"version-history":[{"count":1,"href":"https:\/\/bazeni-varazdin.hr\/wp\/wp-json\/wp\/v2\/posts\/6748\/revisions"}],"predecessor-version":[{"id":6751,"href":"https:\/\/bazeni-varazdin.hr\/wp\/wp-json\/wp\/v2\/posts\/6748\/revisions\/6751"}],"wp:featuredmedia":[{"embeddable":true,"href":"https:\/\/bazeni-varazdin.hr\/wp\/wp-json\/wp\/v2\/media\/6750"}],"wp:attachment":[{"href":"https:\/\/bazeni-varazdin.hr\/wp\/wp-json\/wp\/v2\/media?parent=6748"}],"wp:term":[{"taxonomy":"category","embeddable":true,"href":"https:\/\/bazeni-varazdin.hr\/wp\/wp-json\/wp\/v2\/categories?post=6748"},{"taxonomy":"post_tag","embeddable":true,"href":"https:\/\/bazeni-varazdin.hr\/wp\/wp-json\/wp\/v2\/tags?post=6748"}],"curies":[{"name":"wp","href":"https:\/\/api.w.org\/{rel}","templated":true}]}}