{"id":5927,"date":"2025-03-31T10:51:39","date_gmt":"2025-03-31T10:51:39","guid":{"rendered":"https:\/\/bazeni-varazdin.hr\/wp\/?p=5927"},"modified":"2025-03-31T10:53:16","modified_gmt":"2025-03-31T10:53:16","slug":"pripreme-hvs-u20-muske-vaterpolske-reprezentacije-od-07-04-13-04-2025","status":"publish","type":"post","link":"https:\/\/bazeni-varazdin.hr\/wp\/pripreme-hvs-u20-muske-vaterpolske-reprezentacije-od-07-04-13-04-2025\/","title":{"rendered":"Pripreme HVS U20 mu\u0161ke vaterpolske reprezentacije od 07.04. \u2013 13.04.2025."},"content":{"rendered":"\n<p>Po\u0161tovani,<\/p>\n\n\n\n<p>u Vara\u017edinu ugo\u0161\u0107ujemo na pripremama U20 mu\u0161ku vaterpolsku reprezentaciju u periodu 7.\u00a0 &#8211; 13. travnja 2025. (izbornik Zoran Baji\u0107).<\/p>\n\n\n\n<p>Pridru\u017euje im se na sparingu (u istim rezerviranim terminima) U20 reprezentacija Srbije (9. &#8211; 13. travnja).<\/p>\n\n\n\n<p>Rezervirani termini treninga u sportskom bazenu:&nbsp;<\/p>\n\n\n\n<p>ponedjeljak, 7. travnja&nbsp;&nbsp;&nbsp;&nbsp;&nbsp;&nbsp;&nbsp;&nbsp;&nbsp;&nbsp;&nbsp;&nbsp;&nbsp;&nbsp;&nbsp;&nbsp;&nbsp;&nbsp;&nbsp;&nbsp;&nbsp;&nbsp;&nbsp;&nbsp;&nbsp;&nbsp;&nbsp;&nbsp;&nbsp;&nbsp;&nbsp;&nbsp;&nbsp;&nbsp;&nbsp;&nbsp;&nbsp;&nbsp;&nbsp;&nbsp;&nbsp;&nbsp;&nbsp;&nbsp;&nbsp;&nbsp;&nbsp;&nbsp;&nbsp;&nbsp;&nbsp;&nbsp;&nbsp;&nbsp; &nbsp;20:00 &#8211; 22:00<\/p>\n\n\n\n<p>utorak, 8. travnja&nbsp;&nbsp;&nbsp;&nbsp;&nbsp;&nbsp;&nbsp;&nbsp;&nbsp;&nbsp;&nbsp;&nbsp;&nbsp;&nbsp;&nbsp;&nbsp;&nbsp;&nbsp;&nbsp;&nbsp;&nbsp;&nbsp;&nbsp;&nbsp;&nbsp;&nbsp;&nbsp;&nbsp;&nbsp;&nbsp;&nbsp;&nbsp; &nbsp;&nbsp;&nbsp; 11:00 &#8211; 13:00 i 20:00 &#8211; 22:00&nbsp;&nbsp;&nbsp;&nbsp;&nbsp;&nbsp;&nbsp;<\/p>\n\n\n\n<p>srijeda, 9. travnja&nbsp;&nbsp;&nbsp;&nbsp;&nbsp;&nbsp;&nbsp;&nbsp;&nbsp;&nbsp;&nbsp;&nbsp;&nbsp;&nbsp;&nbsp;&nbsp;&nbsp;&nbsp;&nbsp;&nbsp;&nbsp;&nbsp;&nbsp;&nbsp;&nbsp;&nbsp;&nbsp;&nbsp;&nbsp;&nbsp;&nbsp;&nbsp;&nbsp; &nbsp; 11:00 &#8211; 13:00 i 20:00 &#8211; 22:00&nbsp;<\/p>\n\n\n\n<p>\u010detvrtak, 10. travnja a&nbsp;&nbsp;&nbsp;&nbsp;&nbsp;&nbsp;&nbsp;&nbsp;&nbsp;&nbsp;&nbsp;&nbsp;&nbsp;&nbsp;&nbsp;&nbsp;&nbsp;&nbsp;&nbsp;&nbsp;&nbsp;&nbsp;&nbsp;&nbsp;&nbsp; 11:00 &#8211; 13:00 i 20:00 &#8211; 22:00<\/p>\n\n\n\n<p>petak, 11. travnja&nbsp;&nbsp;&nbsp;&nbsp;&nbsp;&nbsp;&nbsp;&nbsp;&nbsp;&nbsp;&nbsp;&nbsp;&nbsp;&nbsp;&nbsp;&nbsp;&nbsp;&nbsp;&nbsp;&nbsp;&nbsp;&nbsp;&nbsp;&nbsp;&nbsp;&nbsp;&nbsp;&nbsp;&nbsp;&nbsp;&nbsp;&nbsp;&nbsp; &nbsp; 11:00 &#8211; 13:00 i 20:00 &#8211; 22:00<\/p>\n\n\n\n<p>subota, 12. travnja&nbsp;&nbsp;&nbsp;&nbsp;&nbsp;&nbsp;&nbsp;&nbsp;&nbsp;&nbsp;&nbsp;&nbsp;&nbsp;&nbsp;&nbsp;&nbsp;&nbsp;&nbsp;&nbsp;&nbsp;&nbsp;&nbsp;&nbsp;&nbsp;&nbsp;&nbsp;&nbsp;&nbsp;&nbsp;&nbsp; &nbsp; 11:00 &#8211; 13:00 i 19:00 &#8211; 21:00<\/p>\n\n\n\n<p>nedjelja, 13. travnja&nbsp;&nbsp;&nbsp;&nbsp;&nbsp;&nbsp;&nbsp;&nbsp;&nbsp;&nbsp;&nbsp;&nbsp;&nbsp;&nbsp;&nbsp;&nbsp;&nbsp;&nbsp;&nbsp;&nbsp;&nbsp;&nbsp;&nbsp;&nbsp;&nbsp;&nbsp;&nbsp;&nbsp;&nbsp; 10:00 &#8211; 12:00&nbsp;<\/p>\n\n\n\n<p>Zahvaljujemo na razumijevanju.<\/p>\n\n\n\n<p><\/p>\n","protected":false},"excerpt":{"rendered":"<p>Po\u0161tovani, u Vara\u017edinu ugo\u0161\u0107ujemo na pripremama U20 mu\u0161ku vaterpolsku reprezentaciju u periodu 7.\u00a0 &#8211; 13. travnja 2025. (izbornik Zoran Baji\u0107). Pridru\u017euje im se na sparingu (u istim rezerviranim terminima) U20 reprezentacija Srbije (9. &#8211; 13. travnja). Rezervirani termini treninga u sportskom bazenu:&nbsp; ponedjeljak, 7. travnja&nbsp;&nbsp;&nbsp;&nbsp;&nbsp;&nbsp;&nbsp;&nbsp;&nbsp;&nbsp;&nbsp;&nbsp;&nbsp;&nbsp;&nbsp;&nbsp;&nbsp;&nbsp;&nbsp;&nbsp;&nbsp;&nbsp;&nbsp;&nbsp;&nbsp;&nbsp;&nbsp;&nbsp;&nbsp;&nbsp;&nbsp;&nbsp;&nbsp;&nbsp;&nbsp;&nbsp;&nbsp;&nbsp;&nbsp;&nbsp;&nbsp;&nbsp;&nbsp;&nbsp;&nbsp;&nbsp;&nbsp;&nbsp;&nbsp;&nbsp;&nbsp;&nbsp;&nbsp;&nbsp; &nbsp;20:00 &#8211; 22:00 utorak, 8. travnja&nbsp;&nbsp;&nbsp;&nbsp;&nbsp;&nbsp;&nbsp;&nbsp;&nbsp;&nbsp;&nbsp;&nbsp;&nbsp;&nbsp;&nbsp;&nbsp;&nbsp;&nbsp;&nbsp;&nbsp;&nbsp;&nbsp;&nbsp;&nbsp;&nbsp;&nbsp;&nbsp;&nbsp;&nbsp;&nbsp;&nbsp;&nbsp; &nbsp;&nbsp;&nbsp; 11:00 &#8211; 13:00<\/p>\n","protected":false},"author":1,"featured_media":5928,"comment_status":"closed","ping_status":"closed","sticky":false,"template":"","format":"standard","meta":{"footnotes":""},"categories":[154,8],"tags":[],"class_list":["post-5927","post","type-post","status-publish","format-standard","has-post-thumbnail","hentry","category-naslovna","category-news"],"_links":{"self":[{"href":"https:\/\/bazeni-varazdin.hr\/wp\/wp-json\/wp\/v2\/posts\/5927","targetHints":{"allow":["GET"]}}],"collection":[{"href":"https:\/\/bazeni-varazdin.hr\/wp\/wp-json\/wp\/v2\/posts"}],"about":[{"href":"https:\/\/bazeni-varazdin.hr\/wp\/wp-json\/wp\/v2\/types\/post"}],"author":[{"embeddable":true,"href":"https:\/\/bazeni-varazdin.hr\/wp\/wp-json\/wp\/v2\/users\/1"}],"replies":[{"embeddable":true,"href":"https:\/\/bazeni-varazdin.hr\/wp\/wp-json\/wp\/v2\/comments?post=5927"}],"version-history":[{"count":1,"href":"https:\/\/bazeni-varazdin.hr\/wp\/wp-json\/wp\/v2\/posts\/5927\/revisions"}],"predecessor-version":[{"id":5929,"href":"https:\/\/bazeni-varazdin.hr\/wp\/wp-json\/wp\/v2\/posts\/5927\/revisions\/5929"}],"wp:featuredmedia":[{"embeddable":true,"href":"https:\/\/bazeni-varazdin.hr\/wp\/wp-json\/wp\/v2\/media\/5928"}],"wp:attachment":[{"href":"https:\/\/bazeni-varazdin.hr\/wp\/wp-json\/wp\/v2\/media?parent=5927"}],"wp:term":[{"taxonomy":"category","embeddable":true,"href":"https:\/\/bazeni-varazdin.hr\/wp\/wp-json\/wp\/v2\/categories?post=5927"},{"taxonomy":"post_tag","embeddable":true,"href":"https:\/\/bazeni-varazdin.hr\/wp\/wp-json\/wp\/v2\/tags?post=5927"}],"curies":[{"name":"wp","href":"https:\/\/api.w.org\/{rel}","templated":true}]}}